{"id":3205,"date":"2021-05-19T12:37:17","date_gmt":"2021-05-19T12:37:17","guid":{"rendered":"https:\/\/vsptuj.si\/?p=3205"},"modified":"2025-05-28T13:33:38","modified_gmt":"2025-05-28T11:33:38","slug":"kaksen-je-vetrni-potencial-slovenije","status":"publish","type":"post","link":"https:\/\/vsptuj.si\/sl\/2021\/05\/19\/kaksen-je-vetrni-potencial-slovenije\/","title":{"rendered":"Kak\u0161en je vetrni potencial Slovenije"},"content":{"rendered":"<p>Danska je dr\u017eava z najve\u010djim dele\u017eem proizvodnje vetrne energije na svetu. Proizvede je ve\u010d kot tretjino oziroma okoli 40 %. Kak\u0161ne pa so razmere za izkori\u0161\u010danje energije vetra pri nas?\u00a0Vetrne elektrarne danes zadovoljujejo malo ve\u010d kot 1% svetovnih potreb po elektri\u010dni energiji. Morda bo to kmalu druga\u010de. Ju\u017ena Koreja je namre\u010d sporo\u010dila, da na\u010drtujejo gradnjo najve\u010dje vetrne elektrarne na svetu, z mo\u010djo 8,2 gigavata. Danska pa je pred kratkim objavila na\u010drt, da bo v severnem morju 80 km zahodno od polotoka Jutland zgradila prvi energetski otok na svetu. Otok bo v velikosti\u00a0 18 nogometnih igri\u0161\u010d, uporabljali pa ga bodo kot vozli\u0161\u010de za 200 ogromnih, 260 metrov visokih vetrnic na morju. Otok bo z mo\u010djo treh gigavatov z elekti\u010dno energijo lahko preskrboval kar tri milijone gospodinjstev, torej ve\u010d kot le Dansko.<\/p>\n<p>Slovenija ni ravno prevetrena de\u017eela, mo\u010dnej\u0161i vetrovi, ki je pri nas pojavljajo, so ob prehodu vremenskih front. Pred hladno fronto dva, tri dni jugozahodnik, za hladno fronto pa po navadi severovzhodnik. Mo\u010dan je tudi karavan\u0161ki fen, ki pa je k sre\u010di redek. Ostali vetrovi v Sloveniji so pa bolj ali manj \u0161ibki. Razlog za to je ta, da je Slovenija v zavetrju Alp. \u010ce bi v Sloveniji postavili ve\u010d vetrnic, bi morali natan\u010dno poznati kako in kje piha veter.\u00a0V Sloveniji imamo dve vetrnici, eno pri Seno\u017ee\u010dah, katera je bila postavljena leta 2012 \u00a0in proizvede od 4 do 4,6 milijona kilovatnih ur letno oziroma 1200 gospodinjstev. Druga manj\u0161a vetrnica pa je bila postavljena 2014 pri Razdrtem in poskrbi za letno porabo 600 gospodinjstev.<\/p>\n<div class=\"field field-name-title-field field-type-text field-label-hidden\">\n<div class=\"field-items\">\n<div class=\"field-item even\">\n<p class=\"content-title\"><strong>Kako deluje vetrna elektrarna?<\/strong><\/p>\n<p class=\"content-title\"><span style=\"font-size: inherit;\">Vetrna elektrarna je elektroenergetski objekt, kjer z mo\u010djo vetra vrtimo vetrnico, s tem pa energijo vetra pretvarjamo v elektri\u010dno energijo. <\/span><span style=\"font-size: inherit;\">Sodobne vetrne turbine so visoki stolpi z vetrnicami. Veter obra\u010da vetrnice, ki so povezane z elektri\u010dnim generatorjem. Pomembno je, da so vetrne turbine postavljene na predelih s \u010dim bolj konstantnim vetrom.<\/span><\/p>\n<p><strong>Pomen vetrne energije?<\/strong><\/p>\n<p>Vetrna energija danes zadovoljuje manj kot odstotek svetovnih energetskih potreb, vendar je med najhitreje rasto\u010dimi panogami za proizvodnjo elektri\u010dne energije. \u0160e pred dvajsetimi leti smo gradili vetrne elektrarne z nazivno mo\u010djo okoli 50 kW, danes pa njihova povpre\u010dna nazivna mo\u010d zna\u0161a okoli 2 MW.\u00a0V Sloveniji imamo trenutno le eno ve\u010djo vetrno elektrarno (vetrna elektrarna z mo\u010djo 2,3\u00a0MW pri Dolenji vasi). Njihovo bolj raz\u0161irjeno uporabo pri nas ovirajo predvsem te\u017eave z ume\u0161\u010danjem v prostor. Poleg tega v Sloveniji povpre\u010dne hitrosti vetra le na redkih obmo\u010djih presegajo hitrosti od 3 do 5\u00a0m\/s, kar je minimalna za\u010detna hitrost vetra, potrebna za obratovanje vetrnih elektrarn.<\/p>\n<p>Pri nas delujo\u010de male vetrne elektrarne so postavljene v glavnem za lastno uporabo tam, kamor je te\u017eko napeljati elektroenergetsko infrastrukturo (npr. gorske ko\u010de). \u010ce bi \u017eeleli vetrno energijo bolje izkoristiti, bi morali postaviti vetrnice na velikih, dobro prevetrenih povr\u0161inah, ki se v Sloveniji nahajajo predvsem na vi\u0161je le\u017ee\u010dih krajih (obmo\u010dja gorskih grebenov) in na nekaterih drugih lokacijah, kjer je povpre\u010dna hitrost vetra 50 metrov nad tlemi ve\u010dja od 3\u00a0m\/s.<\/p>\n<\/div>\n<\/div>\n<\/div>\n\n\n<p><a href=\"https:\/\/vsptuj.si\/o-nas\/\">Obi\u0161\u010dite nas na dru\u017eabnih omre\u017ejih (Facebook, Instagram)<\/a><\/p>\n\n\n\n<p>Ve\u010d si lahko preberete na <a href=\"https:\/\/4d.rtvslo.si\/arhiv\/ugriznimo-znanost\/174761716\">spletni strani.<\/a><\/p>\n","protected":false},"excerpt":{"rendered":"<p>Danska je dr\u017eava z najve\u010djim dele\u017eem proizvodnje vetrne energije na svetu. Proizvede je ve\u010d kot tretjino oziroma okoli 40 %. Kak\u0161ne pa so razmere za izkori\u0161\u010danje energije vetra pri nas?\u00a0Vetrne elektrarne danes zadovoljujejo malo ve\u010d kot 1% svetovnih potreb po elektri\u010dni energiji. Morda bo to kmalu druga\u010de. Ju\u017ena Koreja je namre\u010d sporo\u010dila, da na\u010drtujejo gradnjo [&hellip;]<\/p>\n","protected":false},"author":3,"featured_media":1647,"comment_status":"closed","ping_status":"closed","sticky":false,"template":"","format":"standard","meta":{"_acf_changed":false,"_eb_attr":"","inline_featured_image":false,"footnotes":""},"categories":[1],"tags":[],"class_list":["post-3205","post","type-post","status-publish","format-standard","has-post-thumbnail","hentry","category-uncategorized"],"acf":[],"yoast_head":"<!-- This site is optimized with the Yoast SEO plugin v27.5 - https:\/\/yoast.com\/product\/yoast-seo-wordpress\/ -->\n<title>Vetrne energije v Sloveniji in po svetu<\/title>\n<meta name=\"description\" content=\"Vetrne energije v Sloveniji in po svetu\" \/>\n<meta name=\"robots\" content=\"index, follow, max-snippet:-1, max-image-preview:large, max-video-preview:-1\" \/>\n<link rel=\"canonical\" href=\"https:\/\/vsptuj.si\/sl\/2021\/05\/19\/kaksen-je-vetrni-potencial-slovenije\/\" \/>\n<meta property=\"og:locale\" content=\"sl_SI\" \/>\n<meta property=\"og:type\" content=\"article\" \/>\n<meta property=\"og:title\" content=\"Vetrne energije v Sloveniji in po svetu\" \/>\n<meta property=\"og:description\" content=\"Vetrne energije v Sloveniji in po svetu\" \/>\n<meta property=\"og:url\" content=\"https:\/\/vsptuj.si\/sl\/2021\/05\/19\/kaksen-je-vetrni-potencial-slovenije\/\" \/>\n<meta property=\"og:site_name\" content=\"Visoka \u0160ola na Ptuju\" \/>\n<meta property=\"article:published_time\" content=\"2021-05-19T12:37:17+00:00\" \/>\n<meta property=\"article:modified_time\" content=\"2025-05-28T11:33:38+00:00\" \/>\n<meta property=\"og:image\" content=\"https:\/\/vsptuj.si\/wp-content\/uploads\/2021\/03\/ekologija-v-tehniki.jpg\" \/>\n\t<meta property=\"og:image:width\" content=\"1920\" \/>\n\t<meta property=\"og:image:height\" content=\"857\" \/>\n\t<meta property=\"og:image:type\" content=\"image\/jpeg\" \/>\n<meta name=\"author\" content=\"V\u0160P\" \/>\n<meta name=\"twitter:card\" content=\"summary_large_image\" \/>\n<meta name=\"twitter:label1\" content=\"Written by\" \/>\n\t<meta name=\"twitter:data1\" content=\"V\u0160P\" \/>\n\t<meta name=\"twitter:label2\" content=\"Est. reading time\" \/>\n\t<meta name=\"twitter:data2\" content=\"3 minute\" \/>\n<script type=\"application\/ld+json\" class=\"yoast-schema-graph\">{\"@context\":\"https:\\\/\\\/schema.org\",\"@graph\":[{\"@type\":\"Article\",\"@id\":\"https:\\\/\\\/vsptuj.si\\\/2021\\\/05\\\/19\\\/kaksen-je-vetrni-potencial-slovenije\\\/#article\",\"isPartOf\":{\"@id\":\"https:\\\/\\\/vsptuj.si\\\/2021\\\/05\\\/19\\\/kaksen-je-vetrni-potencial-slovenije\\\/\"},\"author\":{\"name\":\"V\u0160P\",\"@id\":\"https:\\\/\\\/vsptuj.si\\\/#\\\/schema\\\/person\\\/8af93224c898001e6803647588226171\"},\"headline\":\"Kak\u0161en je vetrni potencial Slovenije\",\"datePublished\":\"2021-05-19T12:37:17+00:00\",\"dateModified\":\"2025-05-28T11:33:38+00:00\",\"mainEntityOfPage\":{\"@id\":\"https:\\\/\\\/vsptuj.si\\\/2021\\\/05\\\/19\\\/kaksen-je-vetrni-potencial-slovenije\\\/\"},\"wordCount\":543,\"image\":{\"@id\":\"https:\\\/\\\/vsptuj.si\\\/2021\\\/05\\\/19\\\/kaksen-je-vetrni-potencial-slovenije\\\/#primaryimage\"},\"thumbnailUrl\":\"https:\\\/\\\/vsptuj.si\\\/wp-content\\\/uploads\\\/2021\\\/03\\\/ekologija-v-tehniki.jpg\",\"articleSection\":[\"Uncategorized\"],\"inLanguage\":\"sl-SI\"},{\"@type\":\"WebPage\",\"@id\":\"https:\\\/\\\/vsptuj.si\\\/2021\\\/05\\\/19\\\/kaksen-je-vetrni-potencial-slovenije\\\/\",\"url\":\"https:\\\/\\\/vsptuj.si\\\/2021\\\/05\\\/19\\\/kaksen-je-vetrni-potencial-slovenije\\\/\",\"name\":\"Vetrne energije v Sloveniji in po svetu\",\"isPartOf\":{\"@id\":\"https:\\\/\\\/vsptuj.si\\\/#website\"},\"primaryImageOfPage\":{\"@id\":\"https:\\\/\\\/vsptuj.si\\\/2021\\\/05\\\/19\\\/kaksen-je-vetrni-potencial-slovenije\\\/#primaryimage\"},\"image\":{\"@id\":\"https:\\\/\\\/vsptuj.si\\\/2021\\\/05\\\/19\\\/kaksen-je-vetrni-potencial-slovenije\\\/#primaryimage\"},\"thumbnailUrl\":\"https:\\\/\\\/vsptuj.si\\\/wp-content\\\/uploads\\\/2021\\\/03\\\/ekologija-v-tehniki.jpg\",\"datePublished\":\"2021-05-19T12:37:17+00:00\",\"dateModified\":\"2025-05-28T11:33:38+00:00\",\"author\":{\"@id\":\"https:\\\/\\\/vsptuj.si\\\/#\\\/schema\\\/person\\\/8af93224c898001e6803647588226171\"},\"description\":\"Vetrne energije v Sloveniji in po svetu\",\"breadcrumb\":{\"@id\":\"https:\\\/\\\/vsptuj.si\\\/2021\\\/05\\\/19\\\/kaksen-je-vetrni-potencial-slovenije\\\/#breadcrumb\"},\"inLanguage\":\"sl-SI\",\"potentialAction\":[{\"@type\":\"ReadAction\",\"target\":[\"https:\\\/\\\/vsptuj.si\\\/2021\\\/05\\\/19\\\/kaksen-je-vetrni-potencial-slovenije\\\/\"]}]},{\"@type\":\"ImageObject\",\"inLanguage\":\"sl-SI\",\"@id\":\"https:\\\/\\\/vsptuj.si\\\/2021\\\/05\\\/19\\\/kaksen-je-vetrni-potencial-slovenije\\\/#primaryimage\",\"url\":\"https:\\\/\\\/vsptuj.si\\\/wp-content\\\/uploads\\\/2021\\\/03\\\/ekologija-v-tehniki.jpg\",\"contentUrl\":\"https:\\\/\\\/vsptuj.si\\\/wp-content\\\/uploads\\\/2021\\\/03\\\/ekologija-v-tehniki.jpg\",\"width\":1920,\"height\":857},{\"@type\":\"BreadcrumbList\",\"@id\":\"https:\\\/\\\/vsptuj.si\\\/2021\\\/05\\\/19\\\/kaksen-je-vetrni-potencial-slovenije\\\/#breadcrumb\",\"itemListElement\":[{\"@type\":\"ListItem\",\"position\":1,\"name\":\"Home\",\"item\":\"https:\\\/\\\/vsptuj.si\\\/\"},{\"@type\":\"ListItem\",\"position\":2,\"name\":\"Kak\u0161en je vetrni potencial Slovenije\"}]},{\"@type\":\"WebSite\",\"@id\":\"https:\\\/\\\/vsptuj.si\\\/#website\",\"url\":\"https:\\\/\\\/vsptuj.si\\\/\",\"name\":\"Visoka \u0160ola na Ptuju\",\"description\":\"Bionika v tehniki\",\"potentialAction\":[{\"@type\":\"SearchAction\",\"target\":{\"@type\":\"EntryPoint\",\"urlTemplate\":\"https:\\\/\\\/vsptuj.si\\\/?s={search_term_string}\"},\"query-input\":{\"@type\":\"PropertyValueSpecification\",\"valueRequired\":true,\"valueName\":\"search_term_string\"}}],\"inLanguage\":\"sl-SI\"},{\"@type\":\"Person\",\"@id\":\"https:\\\/\\\/vsptuj.si\\\/#\\\/schema\\\/person\\\/8af93224c898001e6803647588226171\",\"name\":\"V\u0160P\",\"image\":{\"@type\":\"ImageObject\",\"inLanguage\":\"sl-SI\",\"@id\":\"https:\\\/\\\/secure.gravatar.com\\\/avatar\\\/26e4ce7bd8dfa78e1bd52cda61f3f6d1b411fdbbf11ae47fa3f5eb4eb095ad23?s=96&d=mm&r=g\",\"url\":\"https:\\\/\\\/secure.gravatar.com\\\/avatar\\\/26e4ce7bd8dfa78e1bd52cda61f3f6d1b411fdbbf11ae47fa3f5eb4eb095ad23?s=96&d=mm&r=g\",\"contentUrl\":\"https:\\\/\\\/secure.gravatar.com\\\/avatar\\\/26e4ce7bd8dfa78e1bd52cda61f3f6d1b411fdbbf11ae47fa3f5eb4eb095ad23?s=96&d=mm&r=g\",\"caption\":\"V\u0160P\"},\"url\":\"https:\\\/\\\/vsptuj.si\\\/sl\\\/author\\\/spela\\\/\"}]}<\/script>\n<!-- \/ Yoast SEO plugin. -->","yoast_head_json":{"title":"Vetrne energije v Sloveniji in po svetu","description":"Vetrne energije v Sloveniji in po svetu","robots":{"index":"index","follow":"follow","max-snippet":"max-snippet:-1","max-image-preview":"max-image-preview:large","max-video-preview":"max-video-preview:-1"},"canonical":"https:\/\/vsptuj.si\/sl\/2021\/05\/19\/kaksen-je-vetrni-potencial-slovenije\/","og_locale":"sl_SI","og_type":"article","og_title":"Vetrne energije v Sloveniji in po svetu","og_description":"Vetrne energije v Sloveniji in po svetu","og_url":"https:\/\/vsptuj.si\/sl\/2021\/05\/19\/kaksen-je-vetrni-potencial-slovenije\/","og_site_name":"Visoka \u0160ola na Ptuju","article_published_time":"2021-05-19T12:37:17+00:00","article_modified_time":"2025-05-28T11:33:38+00:00","og_image":[{"width":1920,"height":857,"url":"https:\/\/vsptuj.si\/wp-content\/uploads\/2021\/03\/ekologija-v-tehniki.jpg","type":"image\/jpeg"}],"author":"V\u0160P","twitter_card":"summary_large_image","twitter_misc":{"Written by":"V\u0160P","Est. reading time":"3 minute"},"schema":{"@context":"https:\/\/schema.org","@graph":[{"@type":"Article","@id":"https:\/\/vsptuj.si\/2021\/05\/19\/kaksen-je-vetrni-potencial-slovenije\/#article","isPartOf":{"@id":"https:\/\/vsptuj.si\/2021\/05\/19\/kaksen-je-vetrni-potencial-slovenije\/"},"author":{"name":"V\u0160P","@id":"https:\/\/vsptuj.si\/#\/schema\/person\/8af93224c898001e6803647588226171"},"headline":"Kak\u0161en je vetrni potencial Slovenije","datePublished":"2021-05-19T12:37:17+00:00","dateModified":"2025-05-28T11:33:38+00:00","mainEntityOfPage":{"@id":"https:\/\/vsptuj.si\/2021\/05\/19\/kaksen-je-vetrni-potencial-slovenije\/"},"wordCount":543,"image":{"@id":"https:\/\/vsptuj.si\/2021\/05\/19\/kaksen-je-vetrni-potencial-slovenije\/#primaryimage"},"thumbnailUrl":"https:\/\/vsptuj.si\/wp-content\/uploads\/2021\/03\/ekologija-v-tehniki.jpg","articleSection":["Uncategorized"],"inLanguage":"sl-SI"},{"@type":"WebPage","@id":"https:\/\/vsptuj.si\/2021\/05\/19\/kaksen-je-vetrni-potencial-slovenije\/","url":"https:\/\/vsptuj.si\/2021\/05\/19\/kaksen-je-vetrni-potencial-slovenije\/","name":"Vetrne energije v Sloveniji in po svetu","isPartOf":{"@id":"https:\/\/vsptuj.si\/#website"},"primaryImageOfPage":{"@id":"https:\/\/vsptuj.si\/2021\/05\/19\/kaksen-je-vetrni-potencial-slovenije\/#primaryimage"},"image":{"@id":"https:\/\/vsptuj.si\/2021\/05\/19\/kaksen-je-vetrni-potencial-slovenije\/#primaryimage"},"thumbnailUrl":"https:\/\/vsptuj.si\/wp-content\/uploads\/2021\/03\/ekologija-v-tehniki.jpg","datePublished":"2021-05-19T12:37:17+00:00","dateModified":"2025-05-28T11:33:38+00:00","author":{"@id":"https:\/\/vsptuj.si\/#\/schema\/person\/8af93224c898001e6803647588226171"},"description":"Vetrne energije v Sloveniji in po svetu","breadcrumb":{"@id":"https:\/\/vsptuj.si\/2021\/05\/19\/kaksen-je-vetrni-potencial-slovenije\/#breadcrumb"},"inLanguage":"sl-SI","potentialAction":[{"@type":"ReadAction","target":["https:\/\/vsptuj.si\/2021\/05\/19\/kaksen-je-vetrni-potencial-slovenije\/"]}]},{"@type":"ImageObject","inLanguage":"sl-SI","@id":"https:\/\/vsptuj.si\/2021\/05\/19\/kaksen-je-vetrni-potencial-slovenije\/#primaryimage","url":"https:\/\/vsptuj.si\/wp-content\/uploads\/2021\/03\/ekologija-v-tehniki.jpg","contentUrl":"https:\/\/vsptuj.si\/wp-content\/uploads\/2021\/03\/ekologija-v-tehniki.jpg","width":1920,"height":857},{"@type":"BreadcrumbList","@id":"https:\/\/vsptuj.si\/2021\/05\/19\/kaksen-je-vetrni-potencial-slovenije\/#breadcrumb","itemListElement":[{"@type":"ListItem","position":1,"name":"Home","item":"https:\/\/vsptuj.si\/"},{"@type":"ListItem","position":2,"name":"Kak\u0161en je vetrni potencial Slovenije"}]},{"@type":"WebSite","@id":"https:\/\/vsptuj.si\/#website","url":"https:\/\/vsptuj.si\/","name":"Visoka \u0160ola na Ptuju","description":"Bionika v tehniki","potentialAction":[{"@type":"SearchAction","target":{"@type":"EntryPoint","urlTemplate":"https:\/\/vsptuj.si\/?s={search_term_string}"},"query-input":{"@type":"PropertyValueSpecification","valueRequired":true,"valueName":"search_term_string"}}],"inLanguage":"sl-SI"},{"@type":"Person","@id":"https:\/\/vsptuj.si\/#\/schema\/person\/8af93224c898001e6803647588226171","name":"V\u0160P","image":{"@type":"ImageObject","inLanguage":"sl-SI","@id":"https:\/\/secure.gravatar.com\/avatar\/26e4ce7bd8dfa78e1bd52cda61f3f6d1b411fdbbf11ae47fa3f5eb4eb095ad23?s=96&d=mm&r=g","url":"https:\/\/secure.gravatar.com\/avatar\/26e4ce7bd8dfa78e1bd52cda61f3f6d1b411fdbbf11ae47fa3f5eb4eb095ad23?s=96&d=mm&r=g","contentUrl":"https:\/\/secure.gravatar.com\/avatar\/26e4ce7bd8dfa78e1bd52cda61f3f6d1b411fdbbf11ae47fa3f5eb4eb095ad23?s=96&d=mm&r=g","caption":"V\u0160P"},"url":"https:\/\/vsptuj.si\/sl\/author\/spela\/"}]}},"_links":{"self":[{"href":"https:\/\/vsptuj.si\/sl\/wp-json\/wp\/v2\/posts\/3205","targetHints":{"allow":["GET"]}}],"collection":[{"href":"https:\/\/vsptuj.si\/sl\/wp-json\/wp\/v2\/posts"}],"about":[{"href":"https:\/\/vsptuj.si\/sl\/wp-json\/wp\/v2\/types\/post"}],"author":[{"embeddable":true,"href":"https:\/\/vsptuj.si\/sl\/wp-json\/wp\/v2\/users\/3"}],"replies":[{"embeddable":true,"href":"https:\/\/vsptuj.si\/sl\/wp-json\/wp\/v2\/comments?post=3205"}],"version-history":[{"count":8,"href":"https:\/\/vsptuj.si\/sl\/wp-json\/wp\/v2\/posts\/3205\/revisions"}],"predecessor-version":[{"id":3296,"href":"https:\/\/vsptuj.si\/sl\/wp-json\/wp\/v2\/posts\/3205\/revisions\/3296"}],"wp:featuredmedia":[{"embeddable":true,"href":"https:\/\/vsptuj.si\/sl\/wp-json\/wp\/v2\/media\/1647"}],"wp:attachment":[{"href":"https:\/\/vsptuj.si\/sl\/wp-json\/wp\/v2\/media?parent=3205"}],"wp:term":[{"taxonomy":"category","embeddable":true,"href":"https:\/\/vsptuj.si\/sl\/wp-json\/wp\/v2\/categories?post=3205"},{"taxonomy":"post_tag","embeddable":true,"href":"https:\/\/vsptuj.si\/sl\/wp-json\/wp\/v2\/tags?post=3205"}],"curies":[{"name":"wp","href":"https:\/\/api.w.org\/{rel}","templated":true}]}}