{"id":2258,"date":"2021-03-30T11:42:22","date_gmt":"2021-03-30T11:42:22","guid":{"rendered":"https:\/\/vsptuj.si\/?p=2258"},"modified":"2025-05-28T13:36:45","modified_gmt":"2025-05-28T11:36:45","slug":"kako-dosezes-da-si-otroci-lazje-obujejo-cevlje-in-ostala-oblacila","status":"publish","type":"post","link":"https:\/\/vsptuj.si\/sl\/2021\/03\/30\/kako-dosezes-da-si-otroci-lazje-obujejo-cevlje-in-ostala-oblacila\/","title":{"rendered":"Kako dose\u017ee\u0161, da si otroci la\u017eje obujejo \u010devlje in ostala obla\u010dila"},"content":{"rendered":"\n<p>Repinec \u2013 re\u0161itev \u2013 sprijemalna zadrga je\u017eek. Ta najbolj znani izdelek bionike sedaj uporablja na milijone ljudi. Leta 1948 je \u0161vicarski znanstvenik George de Mestral odkril princip delovanja te zadrge. Vedno, ko se je vrnil z lova s svojim psom, sta bila prekrita z rastlino. Ta rastlina je bila repinec. De Mestral je analiziral mehanizem bodic pod mikroskopom in jih kopiral. Ta \u201cizum narave\u201d je bil patentiran pod imenom blagovne znamke VELCRO.<\/p>\n\n\n\n<p>Repinca, kot tudi \u0161tevilne druge rastline proizvajajo semena, prekrita z drobnimi trnki.\u00a0Mimoido\u010de \u017eivali tako s prenosom pomagajo rastlini razpr\u0161iti semena.\u00a0\u010ceprav je sama ideja preprosta, je Mestral potreboval 10 let, da je zasnoval proizvodni postopek, ki je omogo\u010dil mno\u017ei\u010dno proizvodnjo Velcro\u00ae.<\/p>\n\n\n\n<p>V repincu je na stotine majhnih &#8220;trnkov&#8221;.\u00a0Razvoj sprijemalne zadrge se je izkazala za te\u017eavno, vendar je bil Mestral odlo\u010den.\u00a0\u010ceprav je bilo &#8220;zankasto&#8221; blago mogo\u010de izdelati s sorazmerno lahkoto, kljukastega tekstila ni bilo mogo\u010de ustvariti tako hitro.\u00a0Mestral je s\u010dasoma izumil napravo &#8211; na osnovi stri\u017enih las, ki se uporabljajo v brivnici. Bomba\u017e je bil takrat najbolj komercialno dostopna tkanina, vendar je bil pre\u0161ibak in tanek, da bi kavelj zagotovil resni\u010dno mo\u010d oprijema.\u00a0Med poskusom z razli\u010dnimi tekstili v Lyonu v Franciji je Mestral naletel na najlonsko nit, ki se je po naklju\u010dju vme\u0161ala v njegove tkanine.\u00a0Takrat je odkril, da ima najlon idealne lastnosti.\u00a0Po odpravi te ovire se je Mestral odlo\u010dil, da bo svoj revolucionarni izum poimenoval  &#8220;velur&#8221; (\u017eamet) in &#8220;kva\u010dkanje&#8221; (kavelj), od tod tudi ime blagovne znamke.<\/p>\n\n\n\n<p>Sprijemalna zadrga, vsestranska uporabnost&nbsp;<\/p>\n\n\n\n<p>Prav gotovo je sprijemalna zadrga ena bolj\u0161ih izumov, saj nam olaj\u0161a \u017eivljenje na \u0161tevilnih podro\u010djih. Svojo prakti\u010dno naravnanost prika\u017ee \u017ee pri otro\u0161kih obuvalih ter ostalih obla\u010dilih, pri \u010demer ni potrebno uporabljati raznih vrvic in ostala odve\u010dna zapenjanja. Lahko se jo uporabi kot pripomo\u010dek za dom in razne materiale.\u00a0<\/p>\n\n\n\n<p><a href=\"https:\/\/vsptuj.si\/o-nas\/\">Obi\u0161\u010dite nas na dru\u017eabnih omre\u017ejih (Facebook, Instagram)<\/a><\/p>\n\n\n\n<p>Povzeto po <a href=\"https:\/\/asknature.org\/resource\/how-an-idea-from-nature-changed-our-world-the-story-of-velcro\/\">AskNature.org<\/a> in \u0161tudijskega gradiva.<\/p>\n","protected":false},"excerpt":{"rendered":"<p>Repinec \u2013 re\u0161itev \u2013 sprijemalna zadrga je\u017eek. Ta najbolj znani izdelek bionike sedaj uporablja na milijone ljudi. Leta 1948 je \u0161vicarski znanstvenik George de Mestral odkril princip delovanja te zadrge. Vedno, ko se je vrnil z lova s svojim psom, sta bila prekrita z rastlino. Ta rastlina je bila repinec. De Mestral je analiziral mehanizem [&hellip;]<\/p>\n","protected":false},"author":2,"featured_media":2259,"comment_status":"closed","ping_status":"closed","sticky":false,"template":"","format":"standard","meta":{"_acf_changed":false,"_eb_attr":"","inline_featured_image":false,"footnotes":""},"categories":[1],"tags":[],"class_list":["post-2258","post","type-post","status-publish","format-standard","has-post-thumbnail","hentry","category-uncategorized"],"acf":[],"yoast_head":"<!-- This site is optimized with the Yoast SEO plugin v27.5 - https:\/\/yoast.com\/product\/yoast-seo-wordpress\/ -->\n<title>Kako dose\u017ee\u0161, da si otroci la\u017eje obujejo \u010devlje in ostala obla\u010dila - repinec<\/title>\n<meta name=\"description\" content=\"Kako dose\u017ee\u0161, da si otroci la\u017eje obujejo \u010devlje in ostala obla\u010dila - repinec\" \/>\n<meta name=\"robots\" content=\"index, follow, max-snippet:-1, max-image-preview:large, max-video-preview:-1\" \/>\n<link rel=\"canonical\" href=\"https:\/\/vsptuj.si\/sl\/2021\/03\/30\/kako-dosezes-da-si-otroci-lazje-obujejo-cevlje-in-ostala-oblacila\/\" \/>\n<meta property=\"og:locale\" content=\"sl_SI\" \/>\n<meta property=\"og:type\" content=\"article\" \/>\n<meta property=\"og:title\" content=\"Kako dose\u017ee\u0161, da si otroci la\u017eje obujejo \u010devlje in ostala obla\u010dila - repinec\" \/>\n<meta property=\"og:description\" content=\"Kako dose\u017ee\u0161, da si otroci la\u017eje obujejo \u010devlje in ostala obla\u010dila - repinec\" \/>\n<meta property=\"og:url\" content=\"https:\/\/vsptuj.si\/sl\/2021\/03\/30\/kako-dosezes-da-si-otroci-lazje-obujejo-cevlje-in-ostala-oblacila\/\" \/>\n<meta property=\"og:site_name\" content=\"Visoka \u0160ola na Ptuju\" \/>\n<meta property=\"article:published_time\" content=\"2021-03-30T11:42:22+00:00\" \/>\n<meta property=\"article:modified_time\" content=\"2025-05-28T11:36:45+00:00\" \/>\n<meta property=\"og:image\" content=\"https:\/\/vsptuj.si\/wp-content\/uploads\/2021\/03\/aditya-romansa-4ZuX_5U6xTs-unsplash-2-scaled.jpg\" \/>\n\t<meta property=\"og:image:width\" content=\"2560\" \/>\n\t<meta property=\"og:image:height\" content=\"1920\" \/>\n\t<meta property=\"og:image:type\" content=\"image\/jpeg\" \/>\n<meta name=\"author\" content=\"V\u0160P\" \/>\n<meta name=\"twitter:card\" content=\"summary_large_image\" \/>\n<meta name=\"twitter:label1\" content=\"Written by\" \/>\n\t<meta name=\"twitter:data1\" content=\"V\u0160P\" \/>\n\t<meta name=\"twitter:label2\" content=\"Est. reading time\" \/>\n\t<meta name=\"twitter:data2\" content=\"2 minuti\" \/>\n<script type=\"application\/ld+json\" class=\"yoast-schema-graph\">{\"@context\":\"https:\\\/\\\/schema.org\",\"@graph\":[{\"@type\":\"Article\",\"@id\":\"https:\\\/\\\/vsptuj.si\\\/2021\\\/03\\\/30\\\/kako-dosezes-da-si-otroci-lazje-obujejo-cevlje-in-ostala-oblacila\\\/#article\",\"isPartOf\":{\"@id\":\"https:\\\/\\\/vsptuj.si\\\/2021\\\/03\\\/30\\\/kako-dosezes-da-si-otroci-lazje-obujejo-cevlje-in-ostala-oblacila\\\/\"},\"author\":{\"name\":\"V\u0160P\",\"@id\":\"https:\\\/\\\/vsptuj.si\\\/#\\\/schema\\\/person\\\/f5bb68e7fb2d6853ca20cfa7bc042dd7\"},\"headline\":\"Kako dose\u017ee\u0161, da si otroci la\u017eje obujejo \u010devlje in ostala obla\u010dila\",\"datePublished\":\"2021-03-30T11:42:22+00:00\",\"dateModified\":\"2025-05-28T11:36:45+00:00\",\"mainEntityOfPage\":{\"@id\":\"https:\\\/\\\/vsptuj.si\\\/2021\\\/03\\\/30\\\/kako-dosezes-da-si-otroci-lazje-obujejo-cevlje-in-ostala-oblacila\\\/\"},\"wordCount\":354,\"image\":{\"@id\":\"https:\\\/\\\/vsptuj.si\\\/2021\\\/03\\\/30\\\/kako-dosezes-da-si-otroci-lazje-obujejo-cevlje-in-ostala-oblacila\\\/#primaryimage\"},\"thumbnailUrl\":\"https:\\\/\\\/vsptuj.si\\\/wp-content\\\/uploads\\\/2021\\\/03\\\/aditya-romansa-4ZuX_5U6xTs-unsplash-2-scaled.jpg\",\"articleSection\":[\"Uncategorized\"],\"inLanguage\":\"sl-SI\"},{\"@type\":\"WebPage\",\"@id\":\"https:\\\/\\\/vsptuj.si\\\/2021\\\/03\\\/30\\\/kako-dosezes-da-si-otroci-lazje-obujejo-cevlje-in-ostala-oblacila\\\/\",\"url\":\"https:\\\/\\\/vsptuj.si\\\/2021\\\/03\\\/30\\\/kako-dosezes-da-si-otroci-lazje-obujejo-cevlje-in-ostala-oblacila\\\/\",\"name\":\"Kako dose\u017ee\u0161, da si otroci la\u017eje obujejo \u010devlje in ostala obla\u010dila - repinec\",\"isPartOf\":{\"@id\":\"https:\\\/\\\/vsptuj.si\\\/#website\"},\"primaryImageOfPage\":{\"@id\":\"https:\\\/\\\/vsptuj.si\\\/2021\\\/03\\\/30\\\/kako-dosezes-da-si-otroci-lazje-obujejo-cevlje-in-ostala-oblacila\\\/#primaryimage\"},\"image\":{\"@id\":\"https:\\\/\\\/vsptuj.si\\\/2021\\\/03\\\/30\\\/kako-dosezes-da-si-otroci-lazje-obujejo-cevlje-in-ostala-oblacila\\\/#primaryimage\"},\"thumbnailUrl\":\"https:\\\/\\\/vsptuj.si\\\/wp-content\\\/uploads\\\/2021\\\/03\\\/aditya-romansa-4ZuX_5U6xTs-unsplash-2-scaled.jpg\",\"datePublished\":\"2021-03-30T11:42:22+00:00\",\"dateModified\":\"2025-05-28T11:36:45+00:00\",\"author\":{\"@id\":\"https:\\\/\\\/vsptuj.si\\\/#\\\/schema\\\/person\\\/f5bb68e7fb2d6853ca20cfa7bc042dd7\"},\"description\":\"Kako dose\u017ee\u0161, da si otroci la\u017eje obujejo \u010devlje in ostala obla\u010dila - repinec\",\"breadcrumb\":{\"@id\":\"https:\\\/\\\/vsptuj.si\\\/2021\\\/03\\\/30\\\/kako-dosezes-da-si-otroci-lazje-obujejo-cevlje-in-ostala-oblacila\\\/#breadcrumb\"},\"inLanguage\":\"sl-SI\",\"potentialAction\":[{\"@type\":\"ReadAction\",\"target\":[\"https:\\\/\\\/vsptuj.si\\\/2021\\\/03\\\/30\\\/kako-dosezes-da-si-otroci-lazje-obujejo-cevlje-in-ostala-oblacila\\\/\"]}]},{\"@type\":\"ImageObject\",\"inLanguage\":\"sl-SI\",\"@id\":\"https:\\\/\\\/vsptuj.si\\\/2021\\\/03\\\/30\\\/kako-dosezes-da-si-otroci-lazje-obujejo-cevlje-in-ostala-oblacila\\\/#primaryimage\",\"url\":\"https:\\\/\\\/vsptuj.si\\\/wp-content\\\/uploads\\\/2021\\\/03\\\/aditya-romansa-4ZuX_5U6xTs-unsplash-2-scaled.jpg\",\"contentUrl\":\"https:\\\/\\\/vsptuj.si\\\/wp-content\\\/uploads\\\/2021\\\/03\\\/aditya-romansa-4ZuX_5U6xTs-unsplash-2-scaled.jpg\",\"width\":2560,\"height\":1920,\"caption\":\"velcro\"},{\"@type\":\"BreadcrumbList\",\"@id\":\"https:\\\/\\\/vsptuj.si\\\/2021\\\/03\\\/30\\\/kako-dosezes-da-si-otroci-lazje-obujejo-cevlje-in-ostala-oblacila\\\/#breadcrumb\",\"itemListElement\":[{\"@type\":\"ListItem\",\"position\":1,\"name\":\"Home\",\"item\":\"https:\\\/\\\/vsptuj.si\\\/\"},{\"@type\":\"ListItem\",\"position\":2,\"name\":\"Kako dose\u017ee\u0161, da si otroci la\u017eje obujejo \u010devlje in ostala obla\u010dila\"}]},{\"@type\":\"WebSite\",\"@id\":\"https:\\\/\\\/vsptuj.si\\\/#website\",\"url\":\"https:\\\/\\\/vsptuj.si\\\/\",\"name\":\"Visoka \u0160ola na Ptuju\",\"description\":\"Bionika v tehniki\",\"potentialAction\":[{\"@type\":\"SearchAction\",\"target\":{\"@type\":\"EntryPoint\",\"urlTemplate\":\"https:\\\/\\\/vsptuj.si\\\/?s={search_term_string}\"},\"query-input\":{\"@type\":\"PropertyValueSpecification\",\"valueRequired\":true,\"valueName\":\"search_term_string\"}}],\"inLanguage\":\"sl-SI\"},{\"@type\":\"Person\",\"@id\":\"https:\\\/\\\/vsptuj.si\\\/#\\\/schema\\\/person\\\/f5bb68e7fb2d6853ca20cfa7bc042dd7\",\"name\":\"V\u0160P\",\"image\":{\"@type\":\"ImageObject\",\"inLanguage\":\"sl-SI\",\"@id\":\"https:\\\/\\\/secure.gravatar.com\\\/avatar\\\/d2fb57f68a74cf8c7e0498ae6e937de81a158ad9f632b0ebe119daa69d6c7439?s=96&d=mm&r=g\",\"url\":\"https:\\\/\\\/secure.gravatar.com\\\/avatar\\\/d2fb57f68a74cf8c7e0498ae6e937de81a158ad9f632b0ebe119daa69d6c7439?s=96&d=mm&r=g\",\"contentUrl\":\"https:\\\/\\\/secure.gravatar.com\\\/avatar\\\/d2fb57f68a74cf8c7e0498ae6e937de81a158ad9f632b0ebe119daa69d6c7439?s=96&d=mm&r=g\",\"caption\":\"V\u0160P\"},\"url\":\"https:\\\/\\\/vsptuj.si\\\/sl\\\/author\\\/tamara\\\/\"}]}<\/script>\n<!-- \/ Yoast SEO plugin. -->","yoast_head_json":{"title":"Kako dose\u017ee\u0161, da si otroci la\u017eje obujejo \u010devlje in ostala obla\u010dila - repinec","description":"Kako dose\u017ee\u0161, da si otroci la\u017eje obujejo \u010devlje in ostala obla\u010dila - repinec","robots":{"index":"index","follow":"follow","max-snippet":"max-snippet:-1","max-image-preview":"max-image-preview:large","max-video-preview":"max-video-preview:-1"},"canonical":"https:\/\/vsptuj.si\/sl\/2021\/03\/30\/kako-dosezes-da-si-otroci-lazje-obujejo-cevlje-in-ostala-oblacila\/","og_locale":"sl_SI","og_type":"article","og_title":"Kako dose\u017ee\u0161, da si otroci la\u017eje obujejo \u010devlje in ostala obla\u010dila - repinec","og_description":"Kako dose\u017ee\u0161, da si otroci la\u017eje obujejo \u010devlje in ostala obla\u010dila - repinec","og_url":"https:\/\/vsptuj.si\/sl\/2021\/03\/30\/kako-dosezes-da-si-otroci-lazje-obujejo-cevlje-in-ostala-oblacila\/","og_site_name":"Visoka \u0160ola na Ptuju","article_published_time":"2021-03-30T11:42:22+00:00","article_modified_time":"2025-05-28T11:36:45+00:00","og_image":[{"width":2560,"height":1920,"url":"https:\/\/vsptuj.si\/wp-content\/uploads\/2021\/03\/aditya-romansa-4ZuX_5U6xTs-unsplash-2-scaled.jpg","type":"image\/jpeg"}],"author":"V\u0160P","twitter_card":"summary_large_image","twitter_misc":{"Written by":"V\u0160P","Est. reading time":"2 minuti"},"schema":{"@context":"https:\/\/schema.org","@graph":[{"@type":"Article","@id":"https:\/\/vsptuj.si\/2021\/03\/30\/kako-dosezes-da-si-otroci-lazje-obujejo-cevlje-in-ostala-oblacila\/#article","isPartOf":{"@id":"https:\/\/vsptuj.si\/2021\/03\/30\/kako-dosezes-da-si-otroci-lazje-obujejo-cevlje-in-ostala-oblacila\/"},"author":{"name":"V\u0160P","@id":"https:\/\/vsptuj.si\/#\/schema\/person\/f5bb68e7fb2d6853ca20cfa7bc042dd7"},"headline":"Kako dose\u017ee\u0161, da si otroci la\u017eje obujejo \u010devlje in ostala obla\u010dila","datePublished":"2021-03-30T11:42:22+00:00","dateModified":"2025-05-28T11:36:45+00:00","mainEntityOfPage":{"@id":"https:\/\/vsptuj.si\/2021\/03\/30\/kako-dosezes-da-si-otroci-lazje-obujejo-cevlje-in-ostala-oblacila\/"},"wordCount":354,"image":{"@id":"https:\/\/vsptuj.si\/2021\/03\/30\/kako-dosezes-da-si-otroci-lazje-obujejo-cevlje-in-ostala-oblacila\/#primaryimage"},"thumbnailUrl":"https:\/\/vsptuj.si\/wp-content\/uploads\/2021\/03\/aditya-romansa-4ZuX_5U6xTs-unsplash-2-scaled.jpg","articleSection":["Uncategorized"],"inLanguage":"sl-SI"},{"@type":"WebPage","@id":"https:\/\/vsptuj.si\/2021\/03\/30\/kako-dosezes-da-si-otroci-lazje-obujejo-cevlje-in-ostala-oblacila\/","url":"https:\/\/vsptuj.si\/2021\/03\/30\/kako-dosezes-da-si-otroci-lazje-obujejo-cevlje-in-ostala-oblacila\/","name":"Kako dose\u017ee\u0161, da si otroci la\u017eje obujejo \u010devlje in ostala obla\u010dila - repinec","isPartOf":{"@id":"https:\/\/vsptuj.si\/#website"},"primaryImageOfPage":{"@id":"https:\/\/vsptuj.si\/2021\/03\/30\/kako-dosezes-da-si-otroci-lazje-obujejo-cevlje-in-ostala-oblacila\/#primaryimage"},"image":{"@id":"https:\/\/vsptuj.si\/2021\/03\/30\/kako-dosezes-da-si-otroci-lazje-obujejo-cevlje-in-ostala-oblacila\/#primaryimage"},"thumbnailUrl":"https:\/\/vsptuj.si\/wp-content\/uploads\/2021\/03\/aditya-romansa-4ZuX_5U6xTs-unsplash-2-scaled.jpg","datePublished":"2021-03-30T11:42:22+00:00","dateModified":"2025-05-28T11:36:45+00:00","author":{"@id":"https:\/\/vsptuj.si\/#\/schema\/person\/f5bb68e7fb2d6853ca20cfa7bc042dd7"},"description":"Kako dose\u017ee\u0161, da si otroci la\u017eje obujejo \u010devlje in ostala obla\u010dila - repinec","breadcrumb":{"@id":"https:\/\/vsptuj.si\/2021\/03\/30\/kako-dosezes-da-si-otroci-lazje-obujejo-cevlje-in-ostala-oblacila\/#breadcrumb"},"inLanguage":"sl-SI","potentialAction":[{"@type":"ReadAction","target":["https:\/\/vsptuj.si\/2021\/03\/30\/kako-dosezes-da-si-otroci-lazje-obujejo-cevlje-in-ostala-oblacila\/"]}]},{"@type":"ImageObject","inLanguage":"sl-SI","@id":"https:\/\/vsptuj.si\/2021\/03\/30\/kako-dosezes-da-si-otroci-lazje-obujejo-cevlje-in-ostala-oblacila\/#primaryimage","url":"https:\/\/vsptuj.si\/wp-content\/uploads\/2021\/03\/aditya-romansa-4ZuX_5U6xTs-unsplash-2-scaled.jpg","contentUrl":"https:\/\/vsptuj.si\/wp-content\/uploads\/2021\/03\/aditya-romansa-4ZuX_5U6xTs-unsplash-2-scaled.jpg","width":2560,"height":1920,"caption":"velcro"},{"@type":"BreadcrumbList","@id":"https:\/\/vsptuj.si\/2021\/03\/30\/kako-dosezes-da-si-otroci-lazje-obujejo-cevlje-in-ostala-oblacila\/#breadcrumb","itemListElement":[{"@type":"ListItem","position":1,"name":"Home","item":"https:\/\/vsptuj.si\/"},{"@type":"ListItem","position":2,"name":"Kako dose\u017ee\u0161, da si otroci la\u017eje obujejo \u010devlje in ostala obla\u010dila"}]},{"@type":"WebSite","@id":"https:\/\/vsptuj.si\/#website","url":"https:\/\/vsptuj.si\/","name":"Visoka \u0160ola na Ptuju","description":"Bionika v tehniki","potentialAction":[{"@type":"SearchAction","target":{"@type":"EntryPoint","urlTemplate":"https:\/\/vsptuj.si\/?s={search_term_string}"},"query-input":{"@type":"PropertyValueSpecification","valueRequired":true,"valueName":"search_term_string"}}],"inLanguage":"sl-SI"},{"@type":"Person","@id":"https:\/\/vsptuj.si\/#\/schema\/person\/f5bb68e7fb2d6853ca20cfa7bc042dd7","name":"V\u0160P","image":{"@type":"ImageObject","inLanguage":"sl-SI","@id":"https:\/\/secure.gravatar.com\/avatar\/d2fb57f68a74cf8c7e0498ae6e937de81a158ad9f632b0ebe119daa69d6c7439?s=96&d=mm&r=g","url":"https:\/\/secure.gravatar.com\/avatar\/d2fb57f68a74cf8c7e0498ae6e937de81a158ad9f632b0ebe119daa69d6c7439?s=96&d=mm&r=g","contentUrl":"https:\/\/secure.gravatar.com\/avatar\/d2fb57f68a74cf8c7e0498ae6e937de81a158ad9f632b0ebe119daa69d6c7439?s=96&d=mm&r=g","caption":"V\u0160P"},"url":"https:\/\/vsptuj.si\/sl\/author\/tamara\/"}]}},"_links":{"self":[{"href":"https:\/\/vsptuj.si\/sl\/wp-json\/wp\/v2\/posts\/2258","targetHints":{"allow":["GET"]}}],"collection":[{"href":"https:\/\/vsptuj.si\/sl\/wp-json\/wp\/v2\/posts"}],"about":[{"href":"https:\/\/vsptuj.si\/sl\/wp-json\/wp\/v2\/types\/post"}],"author":[{"embeddable":true,"href":"https:\/\/vsptuj.si\/sl\/wp-json\/wp\/v2\/users\/2"}],"replies":[{"embeddable":true,"href":"https:\/\/vsptuj.si\/sl\/wp-json\/wp\/v2\/comments?post=2258"}],"version-history":[{"count":2,"href":"https:\/\/vsptuj.si\/sl\/wp-json\/wp\/v2\/posts\/2258\/revisions"}],"predecessor-version":[{"id":3378,"href":"https:\/\/vsptuj.si\/sl\/wp-json\/wp\/v2\/posts\/2258\/revisions\/3378"}],"wp:featuredmedia":[{"embeddable":true,"href":"https:\/\/vsptuj.si\/sl\/wp-json\/wp\/v2\/media\/2259"}],"wp:attachment":[{"href":"https:\/\/vsptuj.si\/sl\/wp-json\/wp\/v2\/media?parent=2258"}],"wp:term":[{"taxonomy":"category","embeddable":true,"href":"https:\/\/vsptuj.si\/sl\/wp-json\/wp\/v2\/categories?post=2258"},{"taxonomy":"post_tag","embeddable":true,"href":"https:\/\/vsptuj.si\/sl\/wp-json\/wp\/v2\/tags?post=2258"}],"curies":[{"name":"wp","href":"https:\/\/api.w.org\/{rel}","templated":true}]}}